{"id":1382,"date":"2022-04-25T18:26:52","date_gmt":"2022-04-25T18:26:52","guid":{"rendered":"https:\/\/compecer.com\/revista\/?p=1382"},"modified":"2022-04-25T18:26:52","modified_gmt":"2022-04-25T18:26:52","slug":"igualdad-para-un-manana-mejor","status":"publish","type":"post","link":"https:\/\/compecer.com\/revista\/igualdad-para-un-manana-mejor\/","title":{"rendered":"Igualdad para un ma\u00f1ana mejor"},"content":{"rendered":"<div class=\"wpb-content-wrapper\"><p>[vc_row css_animation=&#8221;&#8221; row_type=&#8221;row&#8221; use_row_as_full_screen_section=&#8221;no&#8221; type=&#8221;full_width&#8221; angled_section=&#8221;no&#8221; text_align=&#8221;left&#8221; background_image_as_pattern=&#8221;without_pattern&#8221;][vc_column][vc_column_text]<\/p>\n<p class=\"p2\"><strong>\u201c<span class=\"s1\">El <\/span>cambio clim\u00e1tico <span class=\"s1\">puede conducir a m\u00e1s <\/span>violencia de<span class=\"Apple-converted-space\">\u00a0<\/span>g\u00e9nero, <span class=\"s1\">un aumento de los <\/span>matrimonios infantiles <span class=\"s1\">y un<span class=\"Apple-converted-space\">\u00a0<\/span><\/span><span class=\"s1\">empeoramiento de la <\/span>salud sexual <span class=\"s1\">y <\/span>reproductiva<span class=\"s1\">.<\/span>\u201d<span class=\"Apple-converted-space\">\u00a0<\/span>-Naciones unidas,2021<span class=\"Apple-converted-space\">\u00a0<\/span><\/strong><\/p>\n<p class=\"p2\"><span class=\"s1\"><b>N<\/b><\/span>os encontramos en el siglo XXI donde a\u00fan es evidente la brecha que divide a hombres y mujeres para alcanzar la igualdad en oportunidades. Hablamos que las mujeres aun no representan un porcentaje alto en las tomas de decisiones mundiales, pero deber\u00edan de considerarse relevantes para evitar el calentamiento global ya que muchas mujeres cuentan con iniciativas muy interesantes en materia ambiental. Lo cual podr\u00eda evitarnos un significante n\u00famero de desastres para la poblaci\u00f3n que podr\u00edan resultar catastr\u00f3ficos y sin remedio.<span class=\"Apple-converted-space\">\u00a0<\/span><\/p>\n<p class=\"p2\">Necesitamos con urgencia que las mujeres puedan tomar la batuta y puedan generar oportunidades o participaciones importantes. De igual manera esto les permitir\u00e1 estar al frente de grandes organizaciones para que a su vez sean participes en la lucha para remediar los cambios clim\u00e1ticos y crear iniciativas que puedan cambiar el mundo como lo conocemos, al impulsar proyectos sustentables que beneficien a la sociedad.<span class=\"Apple-converted-space\">\u00a0<\/span><\/p>\n<p class=\"p2\">Actualmente, las mujeres al no tener salarios competitivos comparados con el g\u00e9nero masculino ayudan a que el porcentaje de pobreza en el g\u00e9nero femenino sea mucho m\u00e1s alto alrededor del mundo. Esto debido a que con su salario no puedan proporcionar la calidad de vida esperada para sus familias lo cual provoca que los matrimonios infantiles crezcan al no ver posibilidades de generar los suficientes ingresos para poder sobrevivir.<span class=\"Apple-converted-space\">\u00a0<\/span><\/p>\n<p class=\"p2\">El cambio es posible, por esa raz\u00f3n debemos de empezar con peque\u00f1os cambios que ayuden a la disminuci\u00f3n de la brecha entre los hombres y mujeres (Naciones Unidas, 2020). Por ejemplo, algunos de los esfuerzos que deben implementar son los siguientes:<span class=\"Apple-converted-space\">\u00a0<\/span><\/p>\n<p class=\"p2\"><span class=\"s1\"><b>1.<\/b><\/span>Que las familias se dividan el trabajo dom\u00e9stico para as\u00ed dar pie a la repartici\u00f3n de tareas y responsabilidades dentro de los hogares.<span class=\"Apple-converted-space\">\u00a0<\/span><\/p>\n<p class=\"p2\"><span class=\"s1\"><b>2.<\/b><\/span>Fomenta la igualdad dentro de tu trabajo al proponer iniciativas que puedan poner tanto a hombres y mujeres como iguales.<span class=\"Apple-converted-space\">\u00a0<\/span><\/p>\n<p class=\"p2\"><span class=\"s1\"><b>3.<\/b><\/span>Compra art\u00edculos ecol\u00f3gicos o reduce residuos, ya que al hacer esto estar\u00e1s ayudando a que los efectos del ambiente se reduzcan y no afecten a las mujeres o ni\u00f1as.<span class=\"Apple-converted-space\">\u00a0<\/span><\/p>\n<p class=\"p2\"><span class=\"s1\"><b>4.<\/b><\/span>Denuncia los signos de violencia, tanto el \u00e1rea laboral como en el \u00e1mbito familiar y apoya a las personas que sabes que est\u00e1n sufriendo violencia.<span class=\"Apple-converted-space\">\u00a0<\/span><\/p>\n<p class=\"p2\"><span class=\"s1\"><b>5.<\/b><\/span>Fomenta la contrataci\u00f3n imparcial para obtener equipos de trabajo mixtos donde se puedan tener aportaciones de varias integrantes para as\u00ed lograr mejor rendimiento de los integrantes.<span class=\"Apple-converted-space\">\u00a0<\/span><\/p>\n<p class=\"p2\"><span class=\"s1\"><b>6.<\/b><\/span>Promueve cursos orientados a la diversidad y prevenci\u00f3n de la violencia, as\u00ed como la participaci\u00f3n de la mujer en el medio ambiente.<span class=\"Apple-converted-space\">\u00a0<\/span><\/p>\n<p class=\"p2\"><span class=\"s1\"><b>7.<\/b><\/span>Impulsa proyectos enfocados al desarrollo sustentable y a la independizaci\u00f3n econ\u00f3mica de la mujer.<span class=\"Apple-converted-space\">\u00a0<\/span><\/p>\n<p class=\"p2\">Ahora que ya conoces algunos puntos importantes en<span class=\"Apple-converted-space\">\u00a0<\/span>los cuales debes de apoyarte para impulsar la igualdad, trata de promoverlos entre tu familia, amigos y conocidos para que sea m\u00e1s sencillo reducir esa brecha logrando un futuro mejor para todos.<span class=\"Apple-converted-space\">\u00a0<\/span><\/p>\n<p class=\"p2\"><i>Bibliograf\u00eda:<span class=\"Apple-converted-space\">\u00a0<\/span><\/i><\/p>\n<p class=\"p2\">-Naciones Unidas. (25 de Febrero de 2020). Doce peque\u00f1as acciones con gran impacto para Generaci\u00f3n Igualdad. Obtenido de ONU MUJERES: https:\/\/ www.unwomen.org\/es\/ news\/stories\/2020\/2\/compilation-small-actions-big-impact-for-generation-equality<span class=\"Apple-converted-space\">\u00a0<\/span><\/p>\n<p class=\"p2\">-Naciones Unidas. (3 de Diciembre de 2021). Igualdad de g\u00e9nero hoy para un ma\u00f1ana sostenible: Naciones Unidas. Obtenido de Naciones Unidas: https:\/\/www. un.org\/es\/observances\/womens-day<span class=\"Apple-converted-space\">\u00a0<\/span><\/p>\n<p><strong>Autor: <i>Liliana Gomez<\/i><\/strong>[\/vc_column_text][\/vc_column][\/vc_row][vc_row css_animation=&#8221;&#8221; row_type=&#8221;row&#8221; use_row_as_full_screen_section=&#8221;no&#8221; type=&#8221;full_width&#8221; angled_section=&#8221;no&#8221; text_align=&#8221;left&#8221; background_image_as_pattern=&#8221;without_pattern&#8221;][vc_column][vc_single_image image=&#8221;1383&#8243; qode_css_animation=&#8221;&#8221;][\/vc_column][\/vc_row]<\/p>\n<\/div>","protected":false},"excerpt":{"rendered":"<p>[vc_row css_animation=&#8221;&#8221; row_type=&#8221;row&#8221; use_row_as_full_screen_section=&#8221;no&#8221; type=&#8221;full_width&#8221; angled_section=&#8221;no&#8221; text_align=&#8221;left&#8221; background_image_as_pattern=&#8221;without_pattern&#8221;][vc_column][vc_column_text] \u201cEl cambio clim\u00e1tico puede conducir a m\u00e1s violencia de\u00a0g\u00e9nero, un aumento de los matrimonios infantiles y un\u00a0empeoramiento de la salud sexual y reproductiva.\u201d\u00a0-Naciones unidas,2021\u00a0 Nos encontramos en el siglo XXI donde a\u00fan es evidente la brecha que&#8230;<\/p>\n","protected":false},"author":3,"featured_media":1383,"comment_status":"open","ping_status":"open","sticky":false,"template":"","format":"standard","meta":{"footnotes":""},"categories":[82],"tags":[],"ppma_author":[50],"class_list":["post-1382","post","type-post","status-publish","format-standard","has-post-thumbnail","hentry","category-abril-2022"],"yoast_head":"<!-- This site is optimized with the Yoast SEO plugin v27.5 - https:\/\/yoast.com\/product\/yoast-seo-wordpress\/ -->\n<title>Igualdad para un ma\u00f1ana mejor - Revista Compecer<\/title>\n<meta name=\"robots\" content=\"index, follow, max-snippet:-1, max-image-preview:large, max-video-preview:-1\" \/>\n<link rel=\"canonical\" href=\"https:\/\/compecer.com\/revista\/igualdad-para-un-manana-mejor\/\" \/>\n<meta property=\"og:locale\" content=\"es_MX\" \/>\n<meta property=\"og:type\" content=\"article\" \/>\n<meta property=\"og:title\" content=\"Igualdad para un ma\u00f1ana mejor - Revista Compecer\" \/>\n<meta property=\"og:description\" content=\"[vc_row css_animation=&#8221;&#8221; row_type=&#8221;row&#8221; use_row_as_full_screen_section=&#8221;no&#8221; type=&#8221;full_width&#8221; angled_section=&#8221;no&#8221; text_align=&#8221;left&#8221; background_image_as_pattern=&#8221;without_pattern&#8221;][vc_column][vc_column_text] \u201cEl cambio clim\u00e1tico puede conducir a m\u00e1s violencia de\u00a0g\u00e9nero, un aumento de los matrimonios infantiles y un\u00a0empeoramiento de la salud sexual y reproductiva.\u201d\u00a0-Naciones unidas,2021\u00a0 Nos encontramos en el siglo XXI donde a\u00fan es evidente la brecha que...\" \/>\n<meta property=\"og:url\" content=\"https:\/\/compecer.com\/revista\/igualdad-para-un-manana-mejor\/\" \/>\n<meta property=\"og:site_name\" content=\"Revista Compecer\" \/>\n<meta property=\"article:published_time\" content=\"2022-04-25T18:26:52+00:00\" \/>\n<meta property=\"og:image\" content=\"https:\/\/compecer.com\/revista\/wp-content\/uploads\/2022\/04\/women-business-power-2021-08-27-14-10-01-utc-scaled.jpg\" \/>\n\t<meta property=\"og:image:width\" content=\"2560\" \/>\n\t<meta property=\"og:image:height\" content=\"1707\" \/>\n\t<meta property=\"og:image:type\" content=\"image\/jpeg\" \/>\n<meta name=\"author\" content=\"Compecer\" \/>\n<meta name=\"twitter:card\" content=\"summary_large_image\" \/>\n<meta name=\"twitter:label1\" content=\"Escrito por\" \/>\n\t<meta name=\"twitter:data1\" content=\"Compecer\" \/>\n\t<meta name=\"twitter:label2\" content=\"Tiempo de lectura\" \/>\n\t<meta name=\"twitter:data2\" content=\"3 minutos\" \/>\n<script type=\"application\/ld+json\" class=\"yoast-schema-graph\">{\"@context\":\"https:\\\/\\\/schema.org\",\"@graph\":[{\"@type\":\"Article\",\"@id\":\"https:\\\/\\\/compecer.com\\\/revista\\\/igualdad-para-un-manana-mejor\\\/#article\",\"isPartOf\":{\"@id\":\"https:\\\/\\\/compecer.com\\\/revista\\\/igualdad-para-un-manana-mejor\\\/\"},\"author\":{\"name\":\"Revistacompecer\",\"@id\":\"https:\\\/\\\/compecer.com\\\/revista\\\/#\\\/schema\\\/person\\\/b90bebcdea53676a480f94ba11adcec1\"},\"headline\":\"Igualdad para un ma\u00f1ana mejor\",\"datePublished\":\"2022-04-25T18:26:52+00:00\",\"mainEntityOfPage\":{\"@id\":\"https:\\\/\\\/compecer.com\\\/revista\\\/igualdad-para-un-manana-mejor\\\/\"},\"wordCount\":661,\"commentCount\":0,\"publisher\":{\"@id\":\"https:\\\/\\\/compecer.com\\\/revista\\\/#organization\"},\"image\":{\"@id\":\"https:\\\/\\\/compecer.com\\\/revista\\\/igualdad-para-un-manana-mejor\\\/#primaryimage\"},\"thumbnailUrl\":\"https:\\\/\\\/compecer.com\\\/revista\\\/wp-content\\\/uploads\\\/2022\\\/04\\\/women-business-power-2021-08-27-14-10-01-utc-scaled.jpg\",\"articleSection\":[\"Abril 2022\"],\"inLanguage\":\"es\",\"potentialAction\":[{\"@type\":\"CommentAction\",\"name\":\"Comment\",\"target\":[\"https:\\\/\\\/compecer.com\\\/revista\\\/igualdad-para-un-manana-mejor\\\/#respond\"]}]},{\"@type\":\"WebPage\",\"@id\":\"https:\\\/\\\/compecer.com\\\/revista\\\/igualdad-para-un-manana-mejor\\\/\",\"url\":\"https:\\\/\\\/compecer.com\\\/revista\\\/igualdad-para-un-manana-mejor\\\/\",\"name\":\"Igualdad para un ma\u00f1ana mejor - Revista Compecer\",\"isPartOf\":{\"@id\":\"https:\\\/\\\/compecer.com\\\/revista\\\/#website\"},\"primaryImageOfPage\":{\"@id\":\"https:\\\/\\\/compecer.com\\\/revista\\\/igualdad-para-un-manana-mejor\\\/#primaryimage\"},\"image\":{\"@id\":\"https:\\\/\\\/compecer.com\\\/revista\\\/igualdad-para-un-manana-mejor\\\/#primaryimage\"},\"thumbnailUrl\":\"https:\\\/\\\/compecer.com\\\/revista\\\/wp-content\\\/uploads\\\/2022\\\/04\\\/women-business-power-2021-08-27-14-10-01-utc-scaled.jpg\",\"datePublished\":\"2022-04-25T18:26:52+00:00\",\"breadcrumb\":{\"@id\":\"https:\\\/\\\/compecer.com\\\/revista\\\/igualdad-para-un-manana-mejor\\\/#breadcrumb\"},\"inLanguage\":\"es\",\"potentialAction\":[{\"@type\":\"ReadAction\",\"target\":[\"https:\\\/\\\/compecer.com\\\/revista\\\/igualdad-para-un-manana-mejor\\\/\"]}]},{\"@type\":\"ImageObject\",\"inLanguage\":\"es\",\"@id\":\"https:\\\/\\\/compecer.com\\\/revista\\\/igualdad-para-un-manana-mejor\\\/#primaryimage\",\"url\":\"https:\\\/\\\/compecer.com\\\/revista\\\/wp-content\\\/uploads\\\/2022\\\/04\\\/women-business-power-2021-08-27-14-10-01-utc-scaled.jpg\",\"contentUrl\":\"https:\\\/\\\/compecer.com\\\/revista\\\/wp-content\\\/uploads\\\/2022\\\/04\\\/women-business-power-2021-08-27-14-10-01-utc-scaled.jpg\",\"width\":2560,\"height\":1707,\"caption\":\"Group of businesswomen celebrating success at work.\"},{\"@type\":\"BreadcrumbList\",\"@id\":\"https:\\\/\\\/compecer.com\\\/revista\\\/igualdad-para-un-manana-mejor\\\/#breadcrumb\",\"itemListElement\":[{\"@type\":\"ListItem\",\"position\":1,\"name\":\"Inicio\",\"item\":\"https:\\\/\\\/compecer.com\\\/revista\\\/\"},{\"@type\":\"ListItem\",\"position\":2,\"name\":\"Igualdad para un ma\u00f1ana mejor\"}]},{\"@type\":\"WebSite\",\"@id\":\"https:\\\/\\\/compecer.com\\\/revista\\\/#website\",\"url\":\"https:\\\/\\\/compecer.com\\\/revista\\\/\",\"name\":\"Revista Compecer\",\"description\":\"La revista especializada en certificaciones.\",\"publisher\":{\"@id\":\"https:\\\/\\\/compecer.com\\\/revista\\\/#organization\"},\"potentialAction\":[{\"@type\":\"SearchAction\",\"target\":{\"@type\":\"EntryPoint\",\"urlTemplate\":\"https:\\\/\\\/compecer.com\\\/revista\\\/?s={search_term_string}\"},\"query-input\":{\"@type\":\"PropertyValueSpecification\",\"valueRequired\":true,\"valueName\":\"search_term_string\"}}],\"inLanguage\":\"es\"},{\"@type\":\"Organization\",\"@id\":\"https:\\\/\\\/compecer.com\\\/revista\\\/#organization\",\"name\":\"Compecer\",\"url\":\"https:\\\/\\\/compecer.com\\\/revista\\\/\",\"logo\":{\"@type\":\"ImageObject\",\"inLanguage\":\"es\",\"@id\":\"https:\\\/\\\/compecer.com\\\/revista\\\/#\\\/schema\\\/logo\\\/image\\\/\",\"url\":\"https:\\\/\\\/compecer.com\\\/revista\\\/wp-content\\\/uploads\\\/2021\\\/08\\\/logo-registrado.png\",\"contentUrl\":\"https:\\\/\\\/compecer.com\\\/revista\\\/wp-content\\\/uploads\\\/2021\\\/08\\\/logo-registrado.png\",\"width\":759,\"height\":200,\"caption\":\"Compecer\"},\"image\":{\"@id\":\"https:\\\/\\\/compecer.com\\\/revista\\\/#\\\/schema\\\/logo\\\/image\\\/\"}},{\"@type\":\"Person\",\"@id\":\"https:\\\/\\\/compecer.com\\\/revista\\\/#\\\/schema\\\/person\\\/b90bebcdea53676a480f94ba11adcec1\",\"name\":\"Revistacompecer\",\"image\":{\"@type\":\"ImageObject\",\"inLanguage\":\"es\",\"@id\":\"https:\\\/\\\/secure.gravatar.com\\\/avatar\\\/0c9adc8aa80f75a25accb949db6df6bf88d686c4cf51590f4b2df4c40d5ee218?s=96&d=mm&r=g9308b5bf46c56ec9ace738048225a080\",\"url\":\"https:\\\/\\\/secure.gravatar.com\\\/avatar\\\/0c9adc8aa80f75a25accb949db6df6bf88d686c4cf51590f4b2df4c40d5ee218?s=96&d=mm&r=g\",\"contentUrl\":\"https:\\\/\\\/secure.gravatar.com\\\/avatar\\\/0c9adc8aa80f75a25accb949db6df6bf88d686c4cf51590f4b2df4c40d5ee218?s=96&d=mm&r=g\",\"caption\":\"Revistacompecer\"},\"url\":false}]}<\/script>\n<!-- \/ Yoast SEO plugin. -->","yoast_head_json":{"title":"Igualdad para un ma\u00f1ana mejor - Revista Compecer","robots":{"index":"index","follow":"follow","max-snippet":"max-snippet:-1","max-image-preview":"max-image-preview:large","max-video-preview":"max-video-preview:-1"},"canonical":"https:\/\/compecer.com\/revista\/igualdad-para-un-manana-mejor\/","og_locale":"es_MX","og_type":"article","og_title":"Igualdad para un ma\u00f1ana mejor - Revista Compecer","og_description":"[vc_row css_animation=&#8221;&#8221; row_type=&#8221;row&#8221; use_row_as_full_screen_section=&#8221;no&#8221; type=&#8221;full_width&#8221; angled_section=&#8221;no&#8221; text_align=&#8221;left&#8221; background_image_as_pattern=&#8221;without_pattern&#8221;][vc_column][vc_column_text] \u201cEl cambio clim\u00e1tico puede conducir a m\u00e1s violencia de\u00a0g\u00e9nero, un aumento de los matrimonios infantiles y un\u00a0empeoramiento de la salud sexual y reproductiva.\u201d\u00a0-Naciones unidas,2021\u00a0 Nos encontramos en el siglo XXI donde a\u00fan es evidente la brecha que...","og_url":"https:\/\/compecer.com\/revista\/igualdad-para-un-manana-mejor\/","og_site_name":"Revista Compecer","article_published_time":"2022-04-25T18:26:52+00:00","og_image":[{"width":2560,"height":1707,"url":"https:\/\/compecer.com\/revista\/wp-content\/uploads\/2022\/04\/women-business-power-2021-08-27-14-10-01-utc-scaled.jpg","type":"image\/jpeg"}],"author":"Compecer","twitter_card":"summary_large_image","twitter_misc":{"Escrito por":"Compecer","Tiempo de lectura":"3 minutos"},"schema":{"@context":"https:\/\/schema.org","@graph":[{"@type":"Article","@id":"https:\/\/compecer.com\/revista\/igualdad-para-un-manana-mejor\/#article","isPartOf":{"@id":"https:\/\/compecer.com\/revista\/igualdad-para-un-manana-mejor\/"},"author":{"name":"Revistacompecer","@id":"https:\/\/compecer.com\/revista\/#\/schema\/person\/b90bebcdea53676a480f94ba11adcec1"},"headline":"Igualdad para un ma\u00f1ana mejor","datePublished":"2022-04-25T18:26:52+00:00","mainEntityOfPage":{"@id":"https:\/\/compecer.com\/revista\/igualdad-para-un-manana-mejor\/"},"wordCount":661,"commentCount":0,"publisher":{"@id":"https:\/\/compecer.com\/revista\/#organization"},"image":{"@id":"https:\/\/compecer.com\/revista\/igualdad-para-un-manana-mejor\/#primaryimage"},"thumbnailUrl":"https:\/\/compecer.com\/revista\/wp-content\/uploads\/2022\/04\/women-business-power-2021-08-27-14-10-01-utc-scaled.jpg","articleSection":["Abril 2022"],"inLanguage":"es","potentialAction":[{"@type":"CommentAction","name":"Comment","target":["https:\/\/compecer.com\/revista\/igualdad-para-un-manana-mejor\/#respond"]}]},{"@type":"WebPage","@id":"https:\/\/compecer.com\/revista\/igualdad-para-un-manana-mejor\/","url":"https:\/\/compecer.com\/revista\/igualdad-para-un-manana-mejor\/","name":"Igualdad para un ma\u00f1ana mejor - Revista Compecer","isPartOf":{"@id":"https:\/\/compecer.com\/revista\/#website"},"primaryImageOfPage":{"@id":"https:\/\/compecer.com\/revista\/igualdad-para-un-manana-mejor\/#primaryimage"},"image":{"@id":"https:\/\/compecer.com\/revista\/igualdad-para-un-manana-mejor\/#primaryimage"},"thumbnailUrl":"https:\/\/compecer.com\/revista\/wp-content\/uploads\/2022\/04\/women-business-power-2021-08-27-14-10-01-utc-scaled.jpg","datePublished":"2022-04-25T18:26:52+00:00","breadcrumb":{"@id":"https:\/\/compecer.com\/revista\/igualdad-para-un-manana-mejor\/#breadcrumb"},"inLanguage":"es","potentialAction":[{"@type":"ReadAction","target":["https:\/\/compecer.com\/revista\/igualdad-para-un-manana-mejor\/"]}]},{"@type":"ImageObject","inLanguage":"es","@id":"https:\/\/compecer.com\/revista\/igualdad-para-un-manana-mejor\/#primaryimage","url":"https:\/\/compecer.com\/revista\/wp-content\/uploads\/2022\/04\/women-business-power-2021-08-27-14-10-01-utc-scaled.jpg","contentUrl":"https:\/\/compecer.com\/revista\/wp-content\/uploads\/2022\/04\/women-business-power-2021-08-27-14-10-01-utc-scaled.jpg","width":2560,"height":1707,"caption":"Group of businesswomen celebrating success at work."},{"@type":"BreadcrumbList","@id":"https:\/\/compecer.com\/revista\/igualdad-para-un-manana-mejor\/#breadcrumb","itemListElement":[{"@type":"ListItem","position":1,"name":"Inicio","item":"https:\/\/compecer.com\/revista\/"},{"@type":"ListItem","position":2,"name":"Igualdad para un ma\u00f1ana mejor"}]},{"@type":"WebSite","@id":"https:\/\/compecer.com\/revista\/#website","url":"https:\/\/compecer.com\/revista\/","name":"Revista Compecer","description":"La revista especializada en certificaciones.","publisher":{"@id":"https:\/\/compecer.com\/revista\/#organization"},"potentialAction":[{"@type":"SearchAction","target":{"@type":"EntryPoint","urlTemplate":"https:\/\/compecer.com\/revista\/?s={search_term_string}"},"query-input":{"@type":"PropertyValueSpecification","valueRequired":true,"valueName":"search_term_string"}}],"inLanguage":"es"},{"@type":"Organization","@id":"https:\/\/compecer.com\/revista\/#organization","name":"Compecer","url":"https:\/\/compecer.com\/revista\/","logo":{"@type":"ImageObject","inLanguage":"es","@id":"https:\/\/compecer.com\/revista\/#\/schema\/logo\/image\/","url":"https:\/\/compecer.com\/revista\/wp-content\/uploads\/2021\/08\/logo-registrado.png","contentUrl":"https:\/\/compecer.com\/revista\/wp-content\/uploads\/2021\/08\/logo-registrado.png","width":759,"height":200,"caption":"Compecer"},"image":{"@id":"https:\/\/compecer.com\/revista\/#\/schema\/logo\/image\/"}},{"@type":"Person","@id":"https:\/\/compecer.com\/revista\/#\/schema\/person\/b90bebcdea53676a480f94ba11adcec1","name":"Revistacompecer","image":{"@type":"ImageObject","inLanguage":"es","@id":"https:\/\/secure.gravatar.com\/avatar\/0c9adc8aa80f75a25accb949db6df6bf88d686c4cf51590f4b2df4c40d5ee218?s=96&d=mm&r=g9308b5bf46c56ec9ace738048225a080","url":"https:\/\/secure.gravatar.com\/avatar\/0c9adc8aa80f75a25accb949db6df6bf88d686c4cf51590f4b2df4c40d5ee218?s=96&d=mm&r=g","contentUrl":"https:\/\/secure.gravatar.com\/avatar\/0c9adc8aa80f75a25accb949db6df6bf88d686c4cf51590f4b2df4c40d5ee218?s=96&d=mm&r=g","caption":"Revistacompecer"},"url":false}]}},"authors":[{"term_id":50,"user_id":3,"is_guest":0,"slug":"revistacompecer","display_name":"Compecer","avatar_url":"https:\/\/secure.gravatar.com\/avatar\/0c9adc8aa80f75a25accb949db6df6bf88d686c4cf51590f4b2df4c40d5ee218?s=96&d=mm&r=g","0":null,"1":"","2":"","3":"","4":"","5":"","6":"","7":"","8":""}],"_links":{"self":[{"href":"https:\/\/compecer.com\/revista\/wp-json\/wp\/v2\/posts\/1382","targetHints":{"allow":["GET"]}}],"collection":[{"href":"https:\/\/compecer.com\/revista\/wp-json\/wp\/v2\/posts"}],"about":[{"href":"https:\/\/compecer.com\/revista\/wp-json\/wp\/v2\/types\/post"}],"author":[{"embeddable":true,"href":"https:\/\/compecer.com\/revista\/wp-json\/wp\/v2\/users\/3"}],"replies":[{"embeddable":true,"href":"https:\/\/compecer.com\/revista\/wp-json\/wp\/v2\/comments?post=1382"}],"version-history":[{"count":1,"href":"https:\/\/compecer.com\/revista\/wp-json\/wp\/v2\/posts\/1382\/revisions"}],"predecessor-version":[{"id":1384,"href":"https:\/\/compecer.com\/revista\/wp-json\/wp\/v2\/posts\/1382\/revisions\/1384"}],"wp:featuredmedia":[{"embeddable":true,"href":"https:\/\/compecer.com\/revista\/wp-json\/wp\/v2\/media\/1383"}],"wp:attachment":[{"href":"https:\/\/compecer.com\/revista\/wp-json\/wp\/v2\/media?parent=1382"}],"wp:term":[{"taxonomy":"category","embeddable":true,"href":"https:\/\/compecer.com\/revista\/wp-json\/wp\/v2\/categories?post=1382"},{"taxonomy":"post_tag","embeddable":true,"href":"https:\/\/compecer.com\/revista\/wp-json\/wp\/v2\/tags?post=1382"},{"taxonomy":"author","embeddable":true,"href":"https:\/\/compecer.com\/revista\/wp-json\/wp\/v2\/ppma_author?post=1382"}],"curies":[{"name":"wp","href":"https:\/\/api.w.org\/{rel}","templated":true}]}}