{"id":276,"date":"2021-08-01T13:00:56","date_gmt":"2021-08-01T13:00:56","guid":{"rendered":"http:\/\/bridge92.qodeinteractive.com\/?p=276"},"modified":"2021-08-27T18:04:29","modified_gmt":"2021-08-27T18:04:29","slug":"certificacion-de-la-mujer-como-mecanismo-de-recuperacion-economica","status":"publish","type":"post","link":"https:\/\/compecer.com\/revista\/certificacion-de-la-mujer-como-mecanismo-de-recuperacion-economica\/","title":{"rendered":"Certificaci\u00f3n de la mujer como mecanismo de recuperaci\u00f3n econ\u00f3mica"},"content":{"rendered":"<div class=\"wpb-content-wrapper\"><p>[vc_row css_animation=&#8221;&#8221; row_type=&#8221;row&#8221; use_row_as_full_screen_section=&#8221;no&#8221; type=&#8221;full_width&#8221; angled_section=&#8221;no&#8221; text_align=&#8221;left&#8221; background_image_as_pattern=&#8221;without_pattern&#8221;][vc_column][vc_column_text]<strong>Consejo Multisectorial Andino de la Mujer <\/strong>[\/vc_column_text][vc_column_text]<\/p>\n<p style=\"text-align: justify;\">Como parte de la Iniciativa Ciudadana Andina del Acuerdo P\u00fablico Privado Multisectorial y Multidimensional, creado por la <strong>Plataforma Nacional Somos Ciudadanos de Ecuador<\/strong>, en el marco de la ejecuci\u00f3n del Plan Integral de Formalizaci\u00f3n de la Econom\u00eda, promoci\u00f3n de la Inclusi\u00f3n Financiera y el Acceso al Portafolio Solidario de Servicios Integrales, coordinada por el <strong>Consorcio \u00c9tico<\/strong>, se cre\u00f3 el <strong><u>Consejo Multisectorial Andino de la Mujer. <\/u><\/strong><\/p>\n<p style=\"text-align: justify;\">Se trata de un espacio multisectorial y multidimensional, integrado bajo el concepto de asociatividad para la formulaci\u00f3n de pol\u00edticas p\u00fablicas y privadas de formalizaci\u00f3n de la econom\u00eda, inclusi\u00f3n financiera, seguridad esencial integral y dem\u00e1s aspectos del desarrollo y empoderamiento econ\u00f3mico y social de la Mujer con visi\u00f3n regional Andina.<\/p>\n<p style=\"text-align: justify;\"><strong>Los objetivos del <u>Consejo <\/u>son:<\/strong><\/p>\n<ol style=\"text-align: justify;\">\n<li>Constituir la organizaci\u00f3n a partir de los debates generales virtuales sobre la situaci\u00f3n econ\u00f3mica y social de la Mujer en esta regi\u00f3n, con el objeto de elaborar <strong>la Agenda Andina<\/strong> <strong>para la formalizaci\u00f3n de la econom\u00eda, promoci\u00f3n de la inclusi\u00f3n financiera y garant\u00eda de acceso solidario a seguros integrales para la Mujer que aplique el<\/strong> <strong>MODELO S.A.S. <\/strong>del <strong>Consorcio \u00c9tico<\/strong>, identificando a partir de un estudio de diagn\u00f3stico de l\u00ednea base, los objetivos alcanzados a nivel de la regi\u00f3n Andina en materia de los derechos econ\u00f3micos y sociales de la Mujer, pero sobre todo, las brechas y desaf\u00edos pendientes como resultado de la crisis sanitaria, \u00e9tica, laboral y productiva que afrontamos:<\/li>\n<\/ol>\n<p style=\"text-align: justify;\"><strong>El modelo se aplica en cuatro pasos:<\/strong><\/p>\n<p style=\"text-align: justify;\">a). Obtenci\u00f3n de personer\u00eda jur\u00eddica como Sociedad de Acciones Simplificadas (SAS) para el emprendimiento de las micro, peque\u00f1as y medianas empresas, lideradas por Mujeres Andinas que se encuentran en situaci\u00f3n de informalidad legal.<\/p>\n<p style=\"text-align: justify;\">b). Convertir a estas S.A.S. en sujetos de cr\u00e9dito e inversi\u00f3n a trav\u00e9s de Proyectos de Inversi\u00f3n para el Desarrollo, financiados a trav\u00e9s de la constituci\u00f3n del <strong>Fondo Andino del Cuarto Sector para la Recuperaci\u00f3n Econ\u00f3mica de la Mujer.<\/strong><\/p>\n<p style=\"text-align: justify;\">c). La creaci\u00f3n de un portafolio de acceso solidario de servicios: educaci\u00f3n financiera virtual, seguros, certificaciones internacionales, entre otros.<\/p>\n<ol style=\"text-align: justify;\">\n<li>d) Acceso a la innovadora Certificaci\u00f3n de Personas denominado <strong>MUJERES EMPRENDEDORAS ANDINAS, basada en la certificaci\u00f3n ISO-17024:2012,<\/strong> creando para el efecto el est\u00e1ndar correspondiente<\/li>\n<\/ol>\n<p style=\"text-align: justify;\">La Certificaci\u00f3n de Personas<strong> MUJERES EMPRENDEDORAS ANDINAS, basada en la Certificaci\u00f3n ISO-17024:2012,<\/strong> es una herramienta innovadora establecida para aportar confianza al mercado, al sector crediticio, las autoridades y los empleadores sobre la competencia de la Mujer.<\/p>\n<p style=\"text-align: justify;\">El\u00a0<a href=\"https:\/\/www.enac.es\/documents\/7020\/756079\/guia-iso-certificacion-personas\/c3e399f7-e2b8-4025-8512-494150382ec6\">desarrollo de esquemas de certificaci\u00f3n de personas<\/a> es respuesta inmediata a la cada vez mayor velocidad de innovaci\u00f3n tecnol\u00f3gica y creciente especializaci\u00f3n que puede contrarrestar las diferencias de educaci\u00f3n y formaci\u00f3n y, por lo tanto, facilitar el mercado de trabajo global.<\/p>\n<p style=\"text-align: justify;\">Ser\u00e1 la herramienta comprobada para dotar a los mercados de servicios del contingente de Mujeres profesionales con formaci\u00f3n m\u00e1s sim\u00e9trica, permiti\u00e9ndoles de este modo a las Mipymes, una elecci\u00f3n m\u00e1s informada del recurso humano calificado y certificado, basada en la competencia a trav\u00e9s de los procesos de certificaci\u00f3n.<\/p>\n<ol style=\"text-align: justify;\" start=\"2\">\n<li>A trav\u00e9s de la Red Inclusi\u00f3n Econ\u00f3mica de la Mujer <strong><u>Redmujer S.A.S. BIC<\/u><\/strong>, legalmente constituida como S.A.S. BIC en Ecuador, busca como organizaci\u00f3n agrupar a las empresas formadas como Sociedades de Acciones Simplificadas y de Beneficio de Inter\u00e9s Colectivo, lideradas y bajo Representaci\u00f3n Legal de Mujeres, especialmente jefas de hogar, lograr el objetivo de promover colectivamente sus productos y servicios, defender sus derechos y ampliar la base de beneficios a nivel nacional y regional.<\/li>\n<\/ol>\n<p style=\"text-align: justify;\"><strong>\u00a0<\/strong><\/p>\n<p style=\"text-align: justify;\">La Red Mujer S.A.S. BIC es la responsable de lograr el Convenio de Cooperaci\u00f3n Marco, para la ejecuci\u00f3n del Bono Social de G\u00e9nero del Banco Interamericano de Desarrollo, BID, en el Ecuador.<\/p>\n<p style=\"text-align: justify;\">La Red Mujer S.A.S. BIC, a trav\u00e9s de su Programa \u201cMujeres Empresarias \u00c9ticas S.A.S.\u201d, brinda a sus socias asesor\u00eda t\u00e9cnica empresarial especializada para la obtenci\u00f3n de financiamiento e inversi\u00f3n en sus proyectos de negocio, abordando temas de diversidad e inclusi\u00f3n, dirigidas a mejorar las capacidades y los business case, en operaciones con alto impacto positivo en la sociedad, bajo el equilibrio de g\u00e9nero.<\/p>\n<p style=\"text-align: justify;\">La Red Mujer S.A.S. BIC est\u00e1 formando un tejido productivo empresarial, mediante la construcci\u00f3n de propuestas y cadenas de valor certificadas en equilibrio de g\u00e9nero de empresas e inversores que facultan el acceso a cr\u00e9dito especializado para la Mujer, mediante productos financieros espec\u00edficos y herramientas en las que se puedan medir la eficiencia en la generaci\u00f3n de equidad y el cierre de las brechas de g\u00e9nero en las instituciones financieras.<\/p>\n<p style=\"text-align: justify;\">La Red Mujer S.A.S. BIC emplea el modelo S.A.S. para asesoramiento en aspectos financieros a sus socias, bajo principios de justicia, equidad, rentabilidad, factibilidad y sostenibilidad con miras a acelerar acceso a mercados a los proyectos de negocio S.A.S. de la Mujer, bajo incentivos vinculados a objetivos con est\u00e1ndares internacionales.<\/p>\n<p style=\"text-align: justify;\"><strong>\u00a0<\/strong><\/p>\n<p style=\"text-align: justify;\"><strong>MUJERES EMPRESARIAS \u00c9TICAS SAS + FORMACI\u00d3N = FORMULA DE \u00c9XITO <\/strong><\/p>\n<ol style=\"text-align: justify;\" start=\"3\">\n<li>Ejecutar el programa de Asesor\u00eda T\u00e9cnica Especializada dirigida a empresas micro, peque\u00f1as y medianas, representadas y dirigidas por Mujeres, con especial \u00e9nfasis en las jefas de hogar, <strong>para lograr acceso a cr\u00e9dito de liquidez especializado para la Mujer y a inversi\u00f3n nacional y extranjera para sus proyectos empresariales, mediante mecanismos como<\/strong> <strong>los Bonos Sociales de G\u00e9nero ejecutados por los organismos multilaterales de cr\u00e9dito.<\/strong><\/li>\n<\/ol>\n<ol style=\"text-align: justify;\" start=\"4\">\n<li>Facilitar el acceso a Seguridad Esencial Integral especializada para la Mujer, a trav\u00e9s de portafolios de seguros de vida, salud, desempleo, desgravamen, entre otros, con enfoque espec\u00edfico para la Mujer.<\/li>\n<\/ol>\n<ol start=\"5\">\n<li style=\"text-align: justify;\">Apoyar el proceso de gesti\u00f3n para la lograr la aprobaci\u00f3n del Proyecto de Ley de Econom\u00eda Violeta en el Ecuador y su incidencia a nivel Andino.<\/li>\n<\/ol>\n<div>\n<p>Autor: Cristina Cevallos y Raquel Carrillo \u00a0Colaboradora de Compecer<\/p>\n<h6><\/h6>\n<\/div>\n<p>[\/vc_column_text][vc_single_image image=&#8221;1078&#8243; qode_css_animation=&#8221;&#8221;][\/vc_column][\/vc_row]<\/p>\n<\/div>","protected":false},"excerpt":{"rendered":"<p>[vc_row css_animation=&#8221;&#8221; row_type=&#8221;row&#8221; use_row_as_full_screen_section=&#8221;no&#8221; type=&#8221;full_width&#8221; angled_section=&#8221;no&#8221; text_align=&#8221;left&#8221; background_image_as_pattern=&#8221;without_pattern&#8221;][vc_column][vc_column_text]Consejo Multisectorial Andino de la Mujer [\/vc_column_text][vc_column_text] Como parte de la Iniciativa Ciudadana Andina del Acuerdo P\u00fablico Privado Multisectorial y Multidimensional, creado por la Plataforma Nacional Somos Ciudadanos de Ecuador, en el marco de la ejecuci\u00f3n del Plan&#8230;<\/p>\n","protected":false},"author":3,"featured_media":814,"comment_status":"open","ping_status":"open","sticky":false,"template":"","format":"standard","meta":{"footnotes":""},"categories":[1],"tags":[45],"ppma_author":[56],"class_list":["post-276","post","type-post","status-publish","format-standard","has-post-thumbnail","hentry","category-agosto","tag-certificacion"],"yoast_head":"<!-- This site is optimized with the Yoast SEO plugin v27.5 - https:\/\/yoast.com\/product\/yoast-seo-wordpress\/ -->\n<title>Certificaci\u00f3n de la mujer como mecanismo de recuperaci\u00f3n econ\u00f3mica - Revista Compecer<\/title>\n<meta name=\"robots\" content=\"index, follow, max-snippet:-1, max-image-preview:large, max-video-preview:-1\" \/>\n<link rel=\"canonical\" href=\"https:\/\/compecer.com\/revista\/certificacion-de-la-mujer-como-mecanismo-de-recuperacion-economica\/\" \/>\n<meta property=\"og:locale\" content=\"es_MX\" \/>\n<meta property=\"og:type\" content=\"article\" \/>\n<meta property=\"og:title\" content=\"Certificaci\u00f3n de la mujer como mecanismo de recuperaci\u00f3n econ\u00f3mica - Revista Compecer\" \/>\n<meta property=\"og:description\" content=\"[vc_row css_animation=&#8221;&#8221; row_type=&#8221;row&#8221; use_row_as_full_screen_section=&#8221;no&#8221; type=&#8221;full_width&#8221; angled_section=&#8221;no&#8221; text_align=&#8221;left&#8221; background_image_as_pattern=&#8221;without_pattern&#8221;][vc_column][vc_column_text]Consejo Multisectorial Andino de la Mujer [\/vc_column_text][vc_column_text] Como parte de la Iniciativa Ciudadana Andina del Acuerdo P\u00fablico Privado Multisectorial y Multidimensional, creado por la Plataforma Nacional Somos Ciudadanos de Ecuador, en el marco de la ejecuci\u00f3n del Plan...\" \/>\n<meta property=\"og:url\" content=\"https:\/\/compecer.com\/revista\/certificacion-de-la-mujer-como-mecanismo-de-recuperacion-economica\/\" \/>\n<meta property=\"og:site_name\" content=\"Revista Compecer\" \/>\n<meta property=\"article:published_time\" content=\"2021-08-01T13:00:56+00:00\" \/>\n<meta property=\"article:modified_time\" content=\"2021-08-27T18:04:29+00:00\" \/>\n<meta property=\"og:image\" content=\"https:\/\/compecer.com\/revista\/wp-content\/uploads\/2017\/08\/shutterstock_645213259-scaled.jpg\" \/>\n\t<meta property=\"og:image:width\" content=\"2560\" \/>\n\t<meta property=\"og:image:height\" content=\"1709\" \/>\n\t<meta property=\"og:image:type\" content=\"image\/jpeg\" \/>\n<meta name=\"author\" content=\"Cristina Cevallos, Raquel Carrillo\" \/>\n<meta name=\"twitter:card\" content=\"summary_large_image\" \/>\n<meta name=\"twitter:label1\" content=\"Escrito por\" \/>\n\t<meta name=\"twitter:data1\" content=\"Compecer\" \/>\n\t<meta name=\"twitter:label2\" content=\"Tiempo de lectura\" \/>\n\t<meta name=\"twitter:data2\" content=\"5 minutos\" \/>\n<script type=\"application\/ld+json\" class=\"yoast-schema-graph\">{\"@context\":\"https:\\\/\\\/schema.org\",\"@graph\":[{\"@type\":\"Article\",\"@id\":\"https:\\\/\\\/compecer.com\\\/revista\\\/certificacion-de-la-mujer-como-mecanismo-de-recuperacion-economica\\\/#article\",\"isPartOf\":{\"@id\":\"https:\\\/\\\/compecer.com\\\/revista\\\/certificacion-de-la-mujer-como-mecanismo-de-recuperacion-economica\\\/\"},\"author\":{\"name\":\"Revistacompecer\",\"@id\":\"https:\\\/\\\/compecer.com\\\/revista\\\/#\\\/schema\\\/person\\\/b90bebcdea53676a480f94ba11adcec1\"},\"headline\":\"Certificaci\u00f3n de la mujer como mecanismo de recuperaci\u00f3n econ\u00f3mica\",\"datePublished\":\"2021-08-01T13:00:56+00:00\",\"dateModified\":\"2021-08-27T18:04:29+00:00\",\"mainEntityOfPage\":{\"@id\":\"https:\\\/\\\/compecer.com\\\/revista\\\/certificacion-de-la-mujer-como-mecanismo-de-recuperacion-economica\\\/\"},\"wordCount\":1096,\"commentCount\":0,\"publisher\":{\"@id\":\"https:\\\/\\\/compecer.com\\\/revista\\\/#organization\"},\"image\":{\"@id\":\"https:\\\/\\\/compecer.com\\\/revista\\\/certificacion-de-la-mujer-como-mecanismo-de-recuperacion-economica\\\/#primaryimage\"},\"thumbnailUrl\":\"https:\\\/\\\/compecer.com\\\/revista\\\/wp-content\\\/uploads\\\/2017\\\/08\\\/shutterstock_645213259-scaled.jpg\",\"keywords\":[\"certificaci\u00f3n\"],\"articleSection\":[\"Agosto\"],\"inLanguage\":\"es\",\"potentialAction\":[{\"@type\":\"CommentAction\",\"name\":\"Comment\",\"target\":[\"https:\\\/\\\/compecer.com\\\/revista\\\/certificacion-de-la-mujer-como-mecanismo-de-recuperacion-economica\\\/#respond\"]}]},{\"@type\":\"WebPage\",\"@id\":\"https:\\\/\\\/compecer.com\\\/revista\\\/certificacion-de-la-mujer-como-mecanismo-de-recuperacion-economica\\\/\",\"url\":\"https:\\\/\\\/compecer.com\\\/revista\\\/certificacion-de-la-mujer-como-mecanismo-de-recuperacion-economica\\\/\",\"name\":\"Certificaci\u00f3n de la mujer como mecanismo de recuperaci\u00f3n econ\u00f3mica - Revista Compecer\",\"isPartOf\":{\"@id\":\"https:\\\/\\\/compecer.com\\\/revista\\\/#website\"},\"primaryImageOfPage\":{\"@id\":\"https:\\\/\\\/compecer.com\\\/revista\\\/certificacion-de-la-mujer-como-mecanismo-de-recuperacion-economica\\\/#primaryimage\"},\"image\":{\"@id\":\"https:\\\/\\\/compecer.com\\\/revista\\\/certificacion-de-la-mujer-como-mecanismo-de-recuperacion-economica\\\/#primaryimage\"},\"thumbnailUrl\":\"https:\\\/\\\/compecer.com\\\/revista\\\/wp-content\\\/uploads\\\/2017\\\/08\\\/shutterstock_645213259-scaled.jpg\",\"datePublished\":\"2021-08-01T13:00:56+00:00\",\"dateModified\":\"2021-08-27T18:04:29+00:00\",\"breadcrumb\":{\"@id\":\"https:\\\/\\\/compecer.com\\\/revista\\\/certificacion-de-la-mujer-como-mecanismo-de-recuperacion-economica\\\/#breadcrumb\"},\"inLanguage\":\"es\",\"potentialAction\":[{\"@type\":\"ReadAction\",\"target\":[\"https:\\\/\\\/compecer.com\\\/revista\\\/certificacion-de-la-mujer-como-mecanismo-de-recuperacion-economica\\\/\"]}]},{\"@type\":\"ImageObject\",\"inLanguage\":\"es\",\"@id\":\"https:\\\/\\\/compecer.com\\\/revista\\\/certificacion-de-la-mujer-como-mecanismo-de-recuperacion-economica\\\/#primaryimage\",\"url\":\"https:\\\/\\\/compecer.com\\\/revista\\\/wp-content\\\/uploads\\\/2017\\\/08\\\/shutterstock_645213259-scaled.jpg\",\"contentUrl\":\"https:\\\/\\\/compecer.com\\\/revista\\\/wp-content\\\/uploads\\\/2017\\\/08\\\/shutterstock_645213259-scaled.jpg\",\"width\":2560,\"height\":1709},{\"@type\":\"BreadcrumbList\",\"@id\":\"https:\\\/\\\/compecer.com\\\/revista\\\/certificacion-de-la-mujer-como-mecanismo-de-recuperacion-economica\\\/#breadcrumb\",\"itemListElement\":[{\"@type\":\"ListItem\",\"position\":1,\"name\":\"Inicio\",\"item\":\"https:\\\/\\\/compecer.com\\\/revista\\\/\"},{\"@type\":\"ListItem\",\"position\":2,\"name\":\"Certificaci\u00f3n de la mujer como mecanismo de recuperaci\u00f3n econ\u00f3mica\"}]},{\"@type\":\"WebSite\",\"@id\":\"https:\\\/\\\/compecer.com\\\/revista\\\/#website\",\"url\":\"https:\\\/\\\/compecer.com\\\/revista\\\/\",\"name\":\"Revista Compecer\",\"description\":\"La revista especializada en certificaciones.\",\"publisher\":{\"@id\":\"https:\\\/\\\/compecer.com\\\/revista\\\/#organization\"},\"potentialAction\":[{\"@type\":\"SearchAction\",\"target\":{\"@type\":\"EntryPoint\",\"urlTemplate\":\"https:\\\/\\\/compecer.com\\\/revista\\\/?s={search_term_string}\"},\"query-input\":{\"@type\":\"PropertyValueSpecification\",\"valueRequired\":true,\"valueName\":\"search_term_string\"}}],\"inLanguage\":\"es\"},{\"@type\":\"Organization\",\"@id\":\"https:\\\/\\\/compecer.com\\\/revista\\\/#organization\",\"name\":\"Compecer\",\"url\":\"https:\\\/\\\/compecer.com\\\/revista\\\/\",\"logo\":{\"@type\":\"ImageObject\",\"inLanguage\":\"es\",\"@id\":\"https:\\\/\\\/compecer.com\\\/revista\\\/#\\\/schema\\\/logo\\\/image\\\/\",\"url\":\"https:\\\/\\\/compecer.com\\\/revista\\\/wp-content\\\/uploads\\\/2021\\\/08\\\/logo-registrado.png\",\"contentUrl\":\"https:\\\/\\\/compecer.com\\\/revista\\\/wp-content\\\/uploads\\\/2021\\\/08\\\/logo-registrado.png\",\"width\":759,\"height\":200,\"caption\":\"Compecer\"},\"image\":{\"@id\":\"https:\\\/\\\/compecer.com\\\/revista\\\/#\\\/schema\\\/logo\\\/image\\\/\"}},{\"@type\":\"Person\",\"@id\":\"https:\\\/\\\/compecer.com\\\/revista\\\/#\\\/schema\\\/person\\\/b90bebcdea53676a480f94ba11adcec1\",\"name\":\"Revistacompecer\",\"image\":{\"@type\":\"ImageObject\",\"inLanguage\":\"es\",\"@id\":\"https:\\\/\\\/secure.gravatar.com\\\/avatar\\\/0c9adc8aa80f75a25accb949db6df6bf88d686c4cf51590f4b2df4c40d5ee218?s=96&d=mm&r=g9308b5bf46c56ec9ace738048225a080\",\"url\":\"https:\\\/\\\/secure.gravatar.com\\\/avatar\\\/0c9adc8aa80f75a25accb949db6df6bf88d686c4cf51590f4b2df4c40d5ee218?s=96&d=mm&r=g\",\"contentUrl\":\"https:\\\/\\\/secure.gravatar.com\\\/avatar\\\/0c9adc8aa80f75a25accb949db6df6bf88d686c4cf51590f4b2df4c40d5ee218?s=96&d=mm&r=g\",\"caption\":\"Revistacompecer\"},\"url\":false}]}<\/script>\n<!-- \/ Yoast SEO plugin. -->","yoast_head_json":{"title":"Certificaci\u00f3n de la mujer como mecanismo de recuperaci\u00f3n econ\u00f3mica - Revista Compecer","robots":{"index":"index","follow":"follow","max-snippet":"max-snippet:-1","max-image-preview":"max-image-preview:large","max-video-preview":"max-video-preview:-1"},"canonical":"https:\/\/compecer.com\/revista\/certificacion-de-la-mujer-como-mecanismo-de-recuperacion-economica\/","og_locale":"es_MX","og_type":"article","og_title":"Certificaci\u00f3n de la mujer como mecanismo de recuperaci\u00f3n econ\u00f3mica - Revista Compecer","og_description":"[vc_row css_animation=&#8221;&#8221; row_type=&#8221;row&#8221; use_row_as_full_screen_section=&#8221;no&#8221; type=&#8221;full_width&#8221; angled_section=&#8221;no&#8221; text_align=&#8221;left&#8221; background_image_as_pattern=&#8221;without_pattern&#8221;][vc_column][vc_column_text]Consejo Multisectorial Andino de la Mujer [\/vc_column_text][vc_column_text] Como parte de la Iniciativa Ciudadana Andina del Acuerdo P\u00fablico Privado Multisectorial y Multidimensional, creado por la Plataforma Nacional Somos Ciudadanos de Ecuador, en el marco de la ejecuci\u00f3n del Plan...","og_url":"https:\/\/compecer.com\/revista\/certificacion-de-la-mujer-como-mecanismo-de-recuperacion-economica\/","og_site_name":"Revista Compecer","article_published_time":"2021-08-01T13:00:56+00:00","article_modified_time":"2021-08-27T18:04:29+00:00","og_image":[{"width":2560,"height":1709,"url":"https:\/\/compecer.com\/revista\/wp-content\/uploads\/2017\/08\/shutterstock_645213259-scaled.jpg","type":"image\/jpeg"}],"author":"Cristina Cevallos, Raquel Carrillo","twitter_card":"summary_large_image","twitter_misc":{"Escrito por":"Compecer","Tiempo de lectura":"5 minutos"},"schema":{"@context":"https:\/\/schema.org","@graph":[{"@type":"Article","@id":"https:\/\/compecer.com\/revista\/certificacion-de-la-mujer-como-mecanismo-de-recuperacion-economica\/#article","isPartOf":{"@id":"https:\/\/compecer.com\/revista\/certificacion-de-la-mujer-como-mecanismo-de-recuperacion-economica\/"},"author":{"name":"Revistacompecer","@id":"https:\/\/compecer.com\/revista\/#\/schema\/person\/b90bebcdea53676a480f94ba11adcec1"},"headline":"Certificaci\u00f3n de la mujer como mecanismo de recuperaci\u00f3n econ\u00f3mica","datePublished":"2021-08-01T13:00:56+00:00","dateModified":"2021-08-27T18:04:29+00:00","mainEntityOfPage":{"@id":"https:\/\/compecer.com\/revista\/certificacion-de-la-mujer-como-mecanismo-de-recuperacion-economica\/"},"wordCount":1096,"commentCount":0,"publisher":{"@id":"https:\/\/compecer.com\/revista\/#organization"},"image":{"@id":"https:\/\/compecer.com\/revista\/certificacion-de-la-mujer-como-mecanismo-de-recuperacion-economica\/#primaryimage"},"thumbnailUrl":"https:\/\/compecer.com\/revista\/wp-content\/uploads\/2017\/08\/shutterstock_645213259-scaled.jpg","keywords":["certificaci\u00f3n"],"articleSection":["Agosto"],"inLanguage":"es","potentialAction":[{"@type":"CommentAction","name":"Comment","target":["https:\/\/compecer.com\/revista\/certificacion-de-la-mujer-como-mecanismo-de-recuperacion-economica\/#respond"]}]},{"@type":"WebPage","@id":"https:\/\/compecer.com\/revista\/certificacion-de-la-mujer-como-mecanismo-de-recuperacion-economica\/","url":"https:\/\/compecer.com\/revista\/certificacion-de-la-mujer-como-mecanismo-de-recuperacion-economica\/","name":"Certificaci\u00f3n de la mujer como mecanismo de recuperaci\u00f3n econ\u00f3mica - Revista Compecer","isPartOf":{"@id":"https:\/\/compecer.com\/revista\/#website"},"primaryImageOfPage":{"@id":"https:\/\/compecer.com\/revista\/certificacion-de-la-mujer-como-mecanismo-de-recuperacion-economica\/#primaryimage"},"image":{"@id":"https:\/\/compecer.com\/revista\/certificacion-de-la-mujer-como-mecanismo-de-recuperacion-economica\/#primaryimage"},"thumbnailUrl":"https:\/\/compecer.com\/revista\/wp-content\/uploads\/2017\/08\/shutterstock_645213259-scaled.jpg","datePublished":"2021-08-01T13:00:56+00:00","dateModified":"2021-08-27T18:04:29+00:00","breadcrumb":{"@id":"https:\/\/compecer.com\/revista\/certificacion-de-la-mujer-como-mecanismo-de-recuperacion-economica\/#breadcrumb"},"inLanguage":"es","potentialAction":[{"@type":"ReadAction","target":["https:\/\/compecer.com\/revista\/certificacion-de-la-mujer-como-mecanismo-de-recuperacion-economica\/"]}]},{"@type":"ImageObject","inLanguage":"es","@id":"https:\/\/compecer.com\/revista\/certificacion-de-la-mujer-como-mecanismo-de-recuperacion-economica\/#primaryimage","url":"https:\/\/compecer.com\/revista\/wp-content\/uploads\/2017\/08\/shutterstock_645213259-scaled.jpg","contentUrl":"https:\/\/compecer.com\/revista\/wp-content\/uploads\/2017\/08\/shutterstock_645213259-scaled.jpg","width":2560,"height":1709},{"@type":"BreadcrumbList","@id":"https:\/\/compecer.com\/revista\/certificacion-de-la-mujer-como-mecanismo-de-recuperacion-economica\/#breadcrumb","itemListElement":[{"@type":"ListItem","position":1,"name":"Inicio","item":"https:\/\/compecer.com\/revista\/"},{"@type":"ListItem","position":2,"name":"Certificaci\u00f3n de la mujer como mecanismo de recuperaci\u00f3n econ\u00f3mica"}]},{"@type":"WebSite","@id":"https:\/\/compecer.com\/revista\/#website","url":"https:\/\/compecer.com\/revista\/","name":"Revista Compecer","description":"La revista especializada en certificaciones.","publisher":{"@id":"https:\/\/compecer.com\/revista\/#organization"},"potentialAction":[{"@type":"SearchAction","target":{"@type":"EntryPoint","urlTemplate":"https:\/\/compecer.com\/revista\/?s={search_term_string}"},"query-input":{"@type":"PropertyValueSpecification","valueRequired":true,"valueName":"search_term_string"}}],"inLanguage":"es"},{"@type":"Organization","@id":"https:\/\/compecer.com\/revista\/#organization","name":"Compecer","url":"https:\/\/compecer.com\/revista\/","logo":{"@type":"ImageObject","inLanguage":"es","@id":"https:\/\/compecer.com\/revista\/#\/schema\/logo\/image\/","url":"https:\/\/compecer.com\/revista\/wp-content\/uploads\/2021\/08\/logo-registrado.png","contentUrl":"https:\/\/compecer.com\/revista\/wp-content\/uploads\/2021\/08\/logo-registrado.png","width":759,"height":200,"caption":"Compecer"},"image":{"@id":"https:\/\/compecer.com\/revista\/#\/schema\/logo\/image\/"}},{"@type":"Person","@id":"https:\/\/compecer.com\/revista\/#\/schema\/person\/b90bebcdea53676a480f94ba11adcec1","name":"Revistacompecer","image":{"@type":"ImageObject","inLanguage":"es","@id":"https:\/\/secure.gravatar.com\/avatar\/0c9adc8aa80f75a25accb949db6df6bf88d686c4cf51590f4b2df4c40d5ee218?s=96&d=mm&r=g9308b5bf46c56ec9ace738048225a080","url":"https:\/\/secure.gravatar.com\/avatar\/0c9adc8aa80f75a25accb949db6df6bf88d686c4cf51590f4b2df4c40d5ee218?s=96&d=mm&r=g","contentUrl":"https:\/\/secure.gravatar.com\/avatar\/0c9adc8aa80f75a25accb949db6df6bf88d686c4cf51590f4b2df4c40d5ee218?s=96&d=mm&r=g","caption":"Revistacompecer"},"url":false}]}},"authors":[{"term_id":56,"user_id":0,"is_guest":1,"slug":"cristina-cevallos-raquel-carrillo","display_name":"Cristina Cevallos, Raquel Carrillo","avatar_url":"https:\/\/secure.gravatar.com\/avatar\/?s=96&d=mm&r=g","0":null,"1":"","2":"","3":"","4":"","5":"","6":"","7":"","8":""}],"_links":{"self":[{"href":"https:\/\/compecer.com\/revista\/wp-json\/wp\/v2\/posts\/276","targetHints":{"allow":["GET"]}}],"collection":[{"href":"https:\/\/compecer.com\/revista\/wp-json\/wp\/v2\/posts"}],"about":[{"href":"https:\/\/compecer.com\/revista\/wp-json\/wp\/v2\/types\/post"}],"author":[{"embeddable":true,"href":"https:\/\/compecer.com\/revista\/wp-json\/wp\/v2\/users\/3"}],"replies":[{"embeddable":true,"href":"https:\/\/compecer.com\/revista\/wp-json\/wp\/v2\/comments?post=276"}],"version-history":[{"count":9,"href":"https:\/\/compecer.com\/revista\/wp-json\/wp\/v2\/posts\/276\/revisions"}],"predecessor-version":[{"id":1092,"href":"https:\/\/compecer.com\/revista\/wp-json\/wp\/v2\/posts\/276\/revisions\/1092"}],"wp:featuredmedia":[{"embeddable":true,"href":"https:\/\/compecer.com\/revista\/wp-json\/wp\/v2\/media\/814"}],"wp:attachment":[{"href":"https:\/\/compecer.com\/revista\/wp-json\/wp\/v2\/media?parent=276"}],"wp:term":[{"taxonomy":"category","embeddable":true,"href":"https:\/\/compecer.com\/revista\/wp-json\/wp\/v2\/categories?post=276"},{"taxonomy":"post_tag","embeddable":true,"href":"https:\/\/compecer.com\/revista\/wp-json\/wp\/v2\/tags?post=276"},{"taxonomy":"author","embeddable":true,"href":"https:\/\/compecer.com\/revista\/wp-json\/wp\/v2\/ppma_author?post=276"}],"curies":[{"name":"wp","href":"https:\/\/api.w.org\/{rel}","templated":true}]}}